{"id":116,"count":0,"description":"<h1 style=\"text-align: center\"><img class=\"wp-image-4711\" src=\"https:\/\/www.parcfloraldelasource.com\/file\/2025\/02\/47png.png\" alt=\"\" width=\"323\" height=\"330\" \/><\/h1>\r\n<h2 style=\"text-align: center\"><strong>SAMEDI 25 JUILLET 2026<\/strong><\/h2>\r\n\r\n<hr \/>\r\n<p style=\"text-align: center\">Le <strong>Music Club Festival<\/strong>, organis\u00e9 au Parc Floral de La Source, est l\u2019\u00e9v\u00e9nement musical estival incontournable de l'\u00e9t\u00e9. Ce festival propose une soir\u00e9e unique o\u00f9 la musique live et l\u2019ambiance festive se rencontrent dans un cadre enchanteur.<\/p>\r\n<p style=\"text-align: center\"><img class=\"size-full wp-image-4658 aligncenter\" src=\"https:\/\/www.parcfloraldelasource.com\/file\/2025\/01\/Bannieres-mails-10-e1736776123521.jpg\" alt=\"\" width=\"2000\" height=\"560\" \/><\/p>\r\n\r\n<h2 style=\"text-align: center\"><strong>Une ambiance conviviale et festive<\/strong><\/h2>\r\n<p style=\"text-align: center\">Avec pr\u00e8s de 500 visiteurs lors de la derni\u00e8re \u00e9dition, le Music Club Festival a su rassembler un public enthousiaste et vous promet une ambiance chaleureuse et acoustique, \u00e0 la mani\u00e8re des clubs de jazz.<\/p>\r\n\r\n\r\n<hr \/>\r\n\r\n<h2 style=\"text-align: center\"><strong>Edition 2025<\/strong><\/h2>\r\n<p style=\"text-align: center\">Retour sur nos artistes de l'ann\u00e9e derni\u00e8re :<\/p>\r\n<img class=\"aligncenter size-full wp-image-5006\" src=\"https:\/\/www.parcfloraldelasource.com\/file\/2026\/03\/Horaire-tarifs-et-titres-site-@-23.png\" alt=\"\" width=\"1024\" height=\"323\" \/>\r\n\r\n<hr \/>\r\n\r\n<h2 style=\"text-align: center\"><strong>Edition 2026<\/strong><\/h2>\r\nLe Music Club Festival transforme le Parc Floral en v\u00e9ritable sc\u00e8ne \u00e0 ciel ouvert le temps d'une soir\u00e9e rythm\u00e9e, conviviale et r\u00e9solument actuelle.\r\n\r\nTrois concerts, une mont\u00e9e en puissance et une ambiance festival assum\u00e9e, entre groove, \u00e9nergie live et d\u00e9couvertes artistiques.\r\n<h2><img class=\"size-full wp-image-4659 aligncenter\" src=\"https:\/\/www.parcfloraldelasource.com\/file\/2025\/01\/Bannieres-mails-10-Copie-e1736776251649.jpg\" alt=\"\" width=\"2000\" height=\"583\" \/><\/h2>\r\n\r\n<hr \/>\r\n\r\n<h2 style=\"text-align: center\"><strong>D\u00e9couvrez notre programmation<\/strong><\/h2>\r\n<img class=\"aligncenter size-full wp-image-5021\" src=\"https:\/\/www.parcfloraldelasource.com\/file\/2026\/03\/Horaire-tarifs-et-titres-site-@-49-1-e1774010151303.jpg\" alt=\"\" width=\"1024\" height=\"12\" \/>\r\n<h2 style=\"text-align: center\"><a href=\"https:\/\/www.youtube.com\/watch?v=UacOWIJzySo\" target=\"_blank\" rel=\"noopener\"><img class=\"alignleft wp-image-5009\" src=\"https:\/\/www.parcfloraldelasource.com\/file\/2026\/03\/60-e1774006250996.png\" alt=\"\" width=\"169\" height=\"205\" \/><\/a><\/h2>\r\n<strong>19h45 \u2013 <a href=\"https:\/\/www.youtube.com\/watch?v=UacOWIJzySo\" target=\"_blank\" rel=\"noopener\">So Lune<\/a><\/strong>\r\n<ul>\r\n \t<li>Le duo So Lune ouvre la soir\u00e9e avec une <strong>pop \u00e9lectro sensible<\/strong> et <strong>lumineuse<\/strong>. Entre nappes synth\u00e9tiques, voix d\u00e9licates et <strong>rythmes subtils<\/strong>, leur univers installe une atmosph\u00e8re \u00e9l\u00e9gante et immersive pour d\u00e9marrer le festival en douceur.<\/li>\r\n<\/ul>\r\n<img class=\"aligncenter size-full wp-image-5021\" src=\"https:\/\/www.parcfloraldelasource.com\/file\/2026\/03\/Horaire-tarifs-et-titres-site-@-49-1-e1774010151303.jpg\" alt=\"\" width=\"1024\" height=\"12\" \/>\r\n\r\n<a href=\"https:\/\/www.youtube.com\/watch?v=qPFNNfyNy2A\" target=\"_blank\" rel=\"noopener\"><img class=\"alignleft wp-image-5012\" src=\"https:\/\/www.parcfloraldelasource.com\/file\/2026\/03\/61-e1774006266225.png\" alt=\"\" width=\"169\" height=\"204\" \/><\/a>\r\n\r\n<strong>21h15 \u2013 <a href=\"https:\/\/www.youtube.com\/watch?v=qPFNNfyNy2A\" target=\"_blank\" rel=\"noopener\">Bird Box<\/a><\/strong>\r\n<ul>\r\n \t<li>Place ensuite \u00e0 Bird Box et \u00e0 son \u00e9nergie brute. Le groupe propose une musique <strong>folk\/soul vibrante et magn\u00e9tique<\/strong>, servie par une formation riche et organique : <strong>guitare acoustique et \u00e9lectrique<\/strong>, <strong>batterie\/percussions<\/strong>, et une alchimie vocale rare entre un chanteur et deux choristes. Un live intense qui fait clairement monter la temp\u00e9rature.<\/li>\r\n<\/ul>\r\n<img class=\"aligncenter size-full wp-image-5021\" src=\"https:\/\/www.parcfloraldelasource.com\/file\/2026\/03\/Horaire-tarifs-et-titres-site-@-49-1-e1774010151303.jpg\" alt=\"\" width=\"1024\" height=\"12\" \/>\r\n\r\n<a href=\"https:\/\/www.youtube.com\/watch?v=wR4vts6rRa0&amp;list=PLdaXrd0CEntL0Kk-Ajf0_DXZyGcfeFxAg&amp;index=5\" target=\"_blank\" rel=\"noopener\"><img class=\"alignleft wp-image-5015\" src=\"https:\/\/www.parcfloraldelasource.com\/file\/2026\/03\/62-e1774006284781.png\" alt=\"\" width=\"169\" height=\"204\" \/><\/a>\r\n\r\n<strong>22h45 \u2013 <a href=\"https:\/\/www.youtube.com\/watch?v=wR4vts6rRa0&amp;list=PLdaXrd0CEntL0Kk-Ajf0_DXZyGcfeFxAg&amp;index=5\" target=\"_blank\" rel=\"noopener\">Dowdelin<\/a><\/strong>\r\n<ul>\r\n \t<li>En cl\u00f4ture, Dowdelin embarque le public dans un voyage musical incandescent. Fusionnant <strong>\u00e9lectro<\/strong>, <strong>groove cr\u00e9ole<\/strong>, <strong>jazz<\/strong> et <strong>musiques du monde<\/strong>, le groupe livre un concert dansant, solaire et f\u00e9d\u00e9rateur, taill\u00e9 pour finir la soir\u00e9e en apoth\u00e9ose.<\/li>\r\n<\/ul>\r\n<img class=\"aligncenter size-full wp-image-5021\" src=\"https:\/\/www.parcfloraldelasource.com\/file\/2026\/03\/Horaire-tarifs-et-titres-site-@-49-1-e1774010151303.jpg\" alt=\"\" width=\"1024\" height=\"12\" \/>\r\n\r\n<hr \/>\r\n<p style=\"text-align: center\"><strong>Rejoignez-nous pour une prochaine \u00e9dition et vivez une exp\u00e9rience musicale et gourmande inoubliable au c\u0153ur du Parc Floral de La Source !<\/strong><\/p>\r\n\r\n<div>\r\n\r\n<hr \/>\r\n\r\n<\/div>\r\n<div>\r\n<h3 data-start=\"134\" data-end=\"179\"><strong data-start=\"138\" data-end=\"179\">Infos pratiques \u2013 Music Club Festival<\/strong><\/h3>\r\n<p data-start=\"181\" data-end=\"486\">\ud83c\udf9f\ufe0f <strong data-start=\"185\" data-end=\"203\">Tarifs &amp; acc\u00e8s<\/strong><\/p>\r\n\r\n<ul>\r\n \t<li data-start=\"181\" data-end=\"486\">L\u2019acc\u00e8s au Music Club Festival est propos\u00e9 au tarif unique de <strong data-start=\"268\" data-end=\"276\">12.00\u20ac par personne. Tarif adulte \u00e0 partir de 15 ans. Gratuit moins de 15 ans.<\/strong><\/li>\r\n \t<li data-start=\"181\" data-end=\"486\">Les <strong data-start=\"284\" data-end=\"354\">abonn\u00e9s du Parc Floral de La Source b\u00e9n\u00e9ficient d\u2019un acc\u00e8s gratuit<\/strong> \u00e0 l\u2019\u00e9v\u00e9nement sur pr\u00e9sentation de leur carte en cours de validit\u00e9.<\/li>\r\n<\/ul>\r\n<p data-start=\"488\" data-end=\"699\">\ud83d\udd62 <strong data-start=\"491\" data-end=\"503\">Horaires<\/strong><\/p>\r\n\r\n<ul>\r\n \t<li data-start=\"488\" data-end=\"699\">L\u2019acc\u00e8s au festival est autoris\u00e9 <strong data-start=\"539\" data-end=\"571\">\u00e0 partir de 19h30 uniquement<\/strong>.<\/li>\r\n \t<li data-start=\"488\" data-end=\"699\"><strong data-start=\"578\" data-end=\"597\">Derni\u00e8re entr\u00e9e<\/strong> \u00e0 <strong data-start=\"610\" data-end=\"619\">22h30<\/strong>.<\/li>\r\n \t<li data-start=\"488\" data-end=\"699\">Au-del\u00e0 de cet horaire, aucun acc\u00e8s ne sera possible, m\u00eame muni d\u2019un billet.<\/li>\r\n<\/ul>\r\n<p data-start=\"701\" data-end=\"874\">\ud83c\udfab <strong data-start=\"704\" data-end=\"719\">Billetterie<\/strong><\/p>\r\n\r\n<ul>\r\n \t<li data-start=\"701\" data-end=\"874\">Une <strong data-start=\"726\" data-end=\"761\"><a href=\"https:\/\/billetterie.orleans-metropole.fr\/fr-FR\/accueil-parc-floral\" target=\"_blank\" rel=\"noopener\">billetterie en ligne<\/a> sp\u00e9cifique<\/strong> est mise en place pour les festivals.<\/li>\r\n \t<li data-start=\"701\" data-end=\"874\">Aucune vente sur place ne sera garantie le soir de l\u2019\u00e9v\u00e9nement.<\/li>\r\n<\/ul>\r\n<\/div>","link":"https:\/\/www.parcfloraldelasource.com\/evenements\/music-club\/","name":"Music Club Festival","slug":"music-club","taxonomy":"evenements","parent":0,"meta":[],"yoast_head":"<!-- This site is optimized with the Yoast SEO plugin v27.5 - https:\/\/yoast.com\/product\/yoast-seo-wordpress\/ -->\n<title>Music Club Festival Archives - Parc Floral de La Source<\/title>\n<meta name=\"robots\" content=\"index, follow, max-snippet:-1, max-image-preview:large, max-video-preview:-1\" \/>\n<link rel=\"canonical\" href=\"https:\/\/www.parcfloraldelasource.com\/evenements\/music-club\/\" \/>\n<meta property=\"og:locale\" content=\"fr_FR\" \/>\n<meta property=\"og:type\" content=\"article\" \/>\n<meta property=\"og:title\" content=\"Music Club Festival Archives - Parc Floral de La Source\" \/>\n<meta property=\"og:description\" content=\"SAMEDI 25 JUILLET 2026 Le Music Club Festival, organis\u00e9 au Parc Floral de La Source, est l\u2019\u00e9v\u00e9nement musical estival incontournable de l&rsquo;\u00e9t\u00e9. Ce festival propose une soir\u00e9e unique o\u00f9 la musique live et l\u2019ambiance festive se rencontrent dans un cadre enchanteur. Une ambiance conviviale et festive Avec pr\u00e8s de 500 visiteurs lors de la derni\u00e8re \u00e9dition, le Music Club Festival a su rassembler un public enthousiaste et vous promet une ambiance chaleureuse et acoustique, \u00e0 la mani\u00e8re des clubs de jazz. Edition 2025 Retour sur nos artistes de l&rsquo;ann\u00e9e derni\u00e8re :  Edition 2026 Le Music Club Festival transforme le Parc Floral en v\u00e9ritable sc\u00e8ne \u00e0 ciel ouvert le temps d&rsquo;une soir\u00e9e rythm\u00e9e, conviviale et r\u00e9solument actuelle. Trois concerts, une mont\u00e9e en puissance et une ambiance festival assum\u00e9e, entre groove, \u00e9nergie live et d\u00e9couvertes artistiques.  D\u00e9couvrez notre programmation  19h45 \u2013 So Lune Le duo So Lune ouvre la soir\u00e9e avec une pop \u00e9lectro sensible et lumineuse. Entre nappes synth\u00e9tiques, voix d\u00e9licates et rythmes subtils, leur univers installe une atmosph\u00e8re \u00e9l\u00e9gante et immersive pour d\u00e9marrer le festival en douceur.  21h15 \u2013 Bird Box Place ensuite \u00e0 Bird Box et \u00e0 son \u00e9nergie brute. Le groupe propose une musique folk\/soul vibrante et magn\u00e9tique, servie par une formation riche et organique : guitare acoustique et \u00e9lectrique, batterie\/percussions, et une alchimie vocale rare entre un chanteur et deux choristes. Un live intense qui fait clairement monter la temp\u00e9rature.  22h45 \u2013 Dowdelin En cl\u00f4ture, Dowdelin embarque le public dans un voyage musical incandescent. Fusionnant \u00e9lectro, groove cr\u00e9ole, jazz et musiques du monde, le groupe livre un concert dansant, solaire et f\u00e9d\u00e9rateur, taill\u00e9 pour finir la soir\u00e9e en apoth\u00e9ose.  Rejoignez-nous pour une prochaine \u00e9dition et vivez une exp\u00e9rience musicale et gourmande inoubliable au c\u0153ur du Parc Floral de La Source !   Infos pratiques \u2013 Music Club Festival \ud83c\udf9f\ufe0f Tarifs &amp; acc\u00e8s L\u2019acc\u00e8s au Music Club Festival est propos\u00e9 au tarif unique de 12.00\u20ac par personne. Tarif adulte \u00e0 partir de 15 ans. Gratuit moins de 15 ans. Les abonn\u00e9s du Parc Floral de La Source b\u00e9n\u00e9ficient d\u2019un acc\u00e8s gratuit \u00e0 l\u2019\u00e9v\u00e9nement sur pr\u00e9sentation de leur carte en cours de validit\u00e9. \ud83d\udd62 Horaires L\u2019acc\u00e8s au festival est autoris\u00e9 \u00e0 partir de 19h30 uniquement. Derni\u00e8re entr\u00e9e \u00e0 22h30. Au-del\u00e0 de cet horaire, aucun acc\u00e8s ne sera possible, m\u00eame muni d\u2019un billet. \ud83c\udfab Billetterie Une billetterie en ligne sp\u00e9cifique est mise en place pour les festivals. Aucune vente sur place ne sera garantie le soir de l\u2019\u00e9v\u00e9nement.\" \/>\n<meta property=\"og:url\" content=\"https:\/\/www.parcfloraldelasource.com\/evenements\/music-club\/\" \/>\n<meta property=\"og:site_name\" content=\"Parc Floral de La Source\" \/>\n<meta property=\"og:image\" content=\"https:\/\/www.parcfloraldelasource.com\/file\/2025\/02\/47png.png\" \/>\n\t<meta property=\"og:image:width\" content=\"404\" \/>\n\t<meta property=\"og:image:height\" content=\"413\" \/>\n\t<meta property=\"og:image:type\" content=\"image\/png\" \/>\n<meta name=\"twitter:card\" content=\"summary_large_image\" \/>\n<script type=\"application\/ld+json\" class=\"yoast-schema-graph\">{\"@context\":\"https:\\\/\\\/schema.org\",\"@graph\":[{\"@type\":\"CollectionPage\",\"@id\":\"https:\\\/\\\/www.parcfloraldelasource.com\\\/evenements\\\/music-club\\\/\",\"url\":\"https:\\\/\\\/www.parcfloraldelasource.com\\\/evenements\\\/music-club\\\/\",\"name\":\"Music Club Festival Archives - Parc Floral de La Source\",\"isPartOf\":{\"@id\":\"https:\\\/\\\/www.parcfloraldelasource.com\\\/#website\"},\"breadcrumb\":{\"@id\":\"https:\\\/\\\/www.parcfloraldelasource.com\\\/evenements\\\/music-club\\\/#breadcrumb\"},\"inLanguage\":\"fr-FR\"},{\"@type\":\"BreadcrumbList\",\"@id\":\"https:\\\/\\\/www.parcfloraldelasource.com\\\/evenements\\\/music-club\\\/#breadcrumb\",\"itemListElement\":[{\"@type\":\"ListItem\",\"position\":1,\"name\":\"Accueil\",\"item\":\"https:\\\/\\\/www.parcfloraldelasource.com\\\/\"},{\"@type\":\"ListItem\",\"position\":2,\"name\":\"Music Club Festival\"}]},{\"@type\":\"WebSite\",\"@id\":\"https:\\\/\\\/www.parcfloraldelasource.com\\\/#website\",\"url\":\"https:\\\/\\\/www.parcfloraldelasource.com\\\/\",\"name\":\"Parc Floral de La Source\",\"description\":\"Orl\u00e9ans\",\"potentialAction\":[{\"@type\":\"SearchAction\",\"target\":{\"@type\":\"EntryPoint\",\"urlTemplate\":\"https:\\\/\\\/www.parcfloraldelasource.com\\\/?s={search_term_string}\"},\"query-input\":{\"@type\":\"PropertyValueSpecification\",\"valueRequired\":true,\"valueName\":\"search_term_string\"}}],\"inLanguage\":\"fr-FR\"}]}<\/script>\n<!-- \/ Yoast SEO plugin. -->","yoast_head_json":{"title":"Music Club Festival Archives - Parc Floral de La Source","robots":{"index":"index","follow":"follow","max-snippet":"max-snippet:-1","max-image-preview":"max-image-preview:large","max-video-preview":"max-video-preview:-1"},"canonical":"https:\/\/www.parcfloraldelasource.com\/evenements\/music-club\/","og_locale":"fr_FR","og_type":"article","og_title":"Music Club Festival Archives - Parc Floral de La Source","og_description":"SAMEDI 25 JUILLET 2026 Le Music Club Festival, organis\u00e9 au Parc Floral de La Source, est l\u2019\u00e9v\u00e9nement musical estival incontournable de l&rsquo;\u00e9t\u00e9. Ce festival propose une soir\u00e9e unique o\u00f9 la musique live et l\u2019ambiance festive se rencontrent dans un cadre enchanteur. Une ambiance conviviale et festive Avec pr\u00e8s de 500 visiteurs lors de la derni\u00e8re \u00e9dition, le Music Club Festival a su rassembler un public enthousiaste et vous promet une ambiance chaleureuse et acoustique, \u00e0 la mani\u00e8re des clubs de jazz. Edition 2025 Retour sur nos artistes de l&rsquo;ann\u00e9e derni\u00e8re :  Edition 2026 Le Music Club Festival transforme le Parc Floral en v\u00e9ritable sc\u00e8ne \u00e0 ciel ouvert le temps d&rsquo;une soir\u00e9e rythm\u00e9e, conviviale et r\u00e9solument actuelle. Trois concerts, une mont\u00e9e en puissance et une ambiance festival assum\u00e9e, entre groove, \u00e9nergie live et d\u00e9couvertes artistiques.  D\u00e9couvrez notre programmation  19h45 \u2013 So Lune Le duo So Lune ouvre la soir\u00e9e avec une pop \u00e9lectro sensible et lumineuse. Entre nappes synth\u00e9tiques, voix d\u00e9licates et rythmes subtils, leur univers installe une atmosph\u00e8re \u00e9l\u00e9gante et immersive pour d\u00e9marrer le festival en douceur.  21h15 \u2013 Bird Box Place ensuite \u00e0 Bird Box et \u00e0 son \u00e9nergie brute. Le groupe propose une musique folk\/soul vibrante et magn\u00e9tique, servie par une formation riche et organique : guitare acoustique et \u00e9lectrique, batterie\/percussions, et une alchimie vocale rare entre un chanteur et deux choristes. Un live intense qui fait clairement monter la temp\u00e9rature.  22h45 \u2013 Dowdelin En cl\u00f4ture, Dowdelin embarque le public dans un voyage musical incandescent. Fusionnant \u00e9lectro, groove cr\u00e9ole, jazz et musiques du monde, le groupe livre un concert dansant, solaire et f\u00e9d\u00e9rateur, taill\u00e9 pour finir la soir\u00e9e en apoth\u00e9ose.  Rejoignez-nous pour une prochaine \u00e9dition et vivez une exp\u00e9rience musicale et gourmande inoubliable au c\u0153ur du Parc Floral de La Source !   Infos pratiques \u2013 Music Club Festival \ud83c\udf9f\ufe0f Tarifs &amp; acc\u00e8s L\u2019acc\u00e8s au Music Club Festival est propos\u00e9 au tarif unique de 12.00\u20ac par personne. Tarif adulte \u00e0 partir de 15 ans. Gratuit moins de 15 ans. Les abonn\u00e9s du Parc Floral de La Source b\u00e9n\u00e9ficient d\u2019un acc\u00e8s gratuit \u00e0 l\u2019\u00e9v\u00e9nement sur pr\u00e9sentation de leur carte en cours de validit\u00e9. \ud83d\udd62 Horaires L\u2019acc\u00e8s au festival est autoris\u00e9 \u00e0 partir de 19h30 uniquement. Derni\u00e8re entr\u00e9e \u00e0 22h30. Au-del\u00e0 de cet horaire, aucun acc\u00e8s ne sera possible, m\u00eame muni d\u2019un billet. \ud83c\udfab Billetterie Une billetterie en ligne sp\u00e9cifique est mise en place pour les festivals. Aucune vente sur place ne sera garantie le soir de l\u2019\u00e9v\u00e9nement.","og_url":"https:\/\/www.parcfloraldelasource.com\/evenements\/music-club\/","og_site_name":"Parc Floral de La Source","og_image":[{"width":404,"height":413,"url":"https:\/\/www.parcfloraldelasource.com\/file\/2025\/02\/47png.png","type":"image\/png"}],"twitter_card":"summary_large_image","schema":{"@context":"https:\/\/schema.org","@graph":[{"@type":"CollectionPage","@id":"https:\/\/www.parcfloraldelasource.com\/evenements\/music-club\/","url":"https:\/\/www.parcfloraldelasource.com\/evenements\/music-club\/","name":"Music Club Festival Archives - Parc Floral de La Source","isPartOf":{"@id":"https:\/\/www.parcfloraldelasource.com\/#website"},"breadcrumb":{"@id":"https:\/\/www.parcfloraldelasource.com\/evenements\/music-club\/#breadcrumb"},"inLanguage":"fr-FR"},{"@type":"BreadcrumbList","@id":"https:\/\/www.parcfloraldelasource.com\/evenements\/music-club\/#breadcrumb","itemListElement":[{"@type":"ListItem","position":1,"name":"Accueil","item":"https:\/\/www.parcfloraldelasource.com\/"},{"@type":"ListItem","position":2,"name":"Music Club Festival"}]},{"@type":"WebSite","@id":"https:\/\/www.parcfloraldelasource.com\/#website","url":"https:\/\/www.parcfloraldelasource.com\/","name":"Parc Floral de La Source","description":"Orl\u00e9ans","potentialAction":[{"@type":"SearchAction","target":{"@type":"EntryPoint","urlTemplate":"https:\/\/www.parcfloraldelasource.com\/?s={search_term_string}"},"query-input":{"@type":"PropertyValueSpecification","valueRequired":true,"valueName":"search_term_string"}}],"inLanguage":"fr-FR"}]}},"_links":{"self":[{"href":"https:\/\/www.parcfloraldelasource.com\/rest\/wp\/v2\/evenements\/116","targetHints":{"allow":["GET"]}}],"collection":[{"href":"https:\/\/www.parcfloraldelasource.com\/rest\/wp\/v2\/evenements"}],"about":[{"href":"https:\/\/www.parcfloraldelasource.com\/rest\/wp\/v2\/taxonomies\/evenements"}]}}