{"id":34,"count":0,"description":"<img class=\"aligncenter size-full wp-image-4700\" src=\"https:\/\/www.parcfloraldelasource.com\/file\/2025\/01\/titre-e1738360595365.png\" alt=\"\" width=\"906\" height=\"253\" \/>\r\n<p style=\"text-align: justify\">De juin \u00e0 septembre,\u00a0 le Parc Floral vous propose diff\u00e9rentes conf\u00e9rences et animations en plein-air. L'occasion d'en apprendre plus sur le Parc, la nature ou le patrimoine qui nous entoure.<\/p>\r\n\r\n\r\n<hr \/>\r\n\r\n<h2 style=\"text-align: center\">Manifestations 2026<\/h2>\r\n<img class=\"size-full wp-image-4701 aligncenter\" src=\"https:\/\/www.parcfloraldelasource.com\/file\/2025\/01\/Horaire-tarifs-et-titres-site-@-41-e1738360979443.jpg\" alt=\"\" width=\"558\" height=\"14\" \/>\r\n\r\n<strong><img class=\" wp-image-4979 alignleft\" src=\"https:\/\/www.parcfloraldelasource.com\/file\/2026\/03\/Horaire-tarifs-et-titres-site-@-14-e1773924807907.png\" alt=\"\" width=\"157\" height=\"160\" \/>Samedi 06 juin et Dimanche 07 juin (Rendez-vous aux Jardins)<\/strong>\r\n<ul>\r\n \t<li><em>Animation en compagnie d\u2019un de nos jardiniers. Partez \u00e0 la d\u00e9couverte de notre potager <strong> - \u00e0 15h30, tout public<\/strong><\/em><\/li>\r\n<\/ul>\r\n<img class=\"size-full wp-image-4701 aligncenter\" src=\"https:\/\/www.parcfloraldelasource.com\/file\/2025\/01\/Horaire-tarifs-et-titres-site-@-41-e1738360979443.jpg\" alt=\"\" width=\"558\" height=\"14\" \/>\r\n\r\n<strong><img class=\" wp-image-4982 alignleft\" src=\"https:\/\/www.parcfloraldelasource.com\/file\/2026\/03\/Horaire-tarifs-et-titres-site-@-15-e1773925331313.png\" alt=\"\" width=\"156\" height=\"161\" \/>Samedi 27 juin et Dimanche 28 juin : Route de la Rose en F\u00eate !<\/strong>\r\n<ul>\r\n \t<li><em>Animation en compagnie d\u2019un de nos jardiniers. Partez \u00e0 la d\u00e9couverte de la roseraie <strong> - \u00e0 15h30, tout public<\/strong><\/em><\/li>\r\n<\/ul>\r\n<div class=\"xdj266r x11i5rnm xat24cr x1mh8g0r x1vvkbs\">\r\n\r\n<img class=\"size-full wp-image-4701 aligncenter\" src=\"https:\/\/www.parcfloraldelasource.com\/file\/2025\/01\/Horaire-tarifs-et-titres-site-@-41-e1738360979443.jpg\" alt=\"\" width=\"558\" height=\"14\" \/>\r\n\r\n<strong><img class=\"alignleft wp-image-4708\" src=\"https:\/\/www.parcfloraldelasource.com\/file\/2025\/01\/48.jpg\" alt=\"\" width=\"156\" height=\"159\" \/>Samedi 04 juillet (dans le cadre de la Journ\u00e9e Mondiale du Papillon) :<\/strong>\r\n<ul>\r\n \t<li><em>\u00c0 l\u2019occasion de la Journ\u00e9e Mondiale du Papillon, la responsable du p\u00f4le animalier vous emm\u00e8nera dans le monde secret des papillons + atelier coloriage des papillons autochtones pour les enfants<\/em>.<em>\u00a0<strong>15h30, tout public<\/strong><\/em><\/li>\r\n<\/ul>\r\n<img class=\"size-full wp-image-4701 aligncenter\" src=\"https:\/\/www.parcfloraldelasource.com\/file\/2025\/01\/Horaire-tarifs-et-titres-site-@-41-e1738360979443.jpg\" alt=\"\" width=\"558\" height=\"14\" \/>\r\n\r\n<span style=\"color: #000000\"><strong><span style=\"color: #ceae8d\"><img class=\" wp-image-4991 alignleft\" src=\"https:\/\/www.parcfloraldelasource.com\/file\/2026\/03\/Horaire-tarifs-et-titres-site-@-18-e1773927179605.png\" alt=\"\" width=\"157\" height=\"159\" \/><\/span><\/strong><\/span><strong>Dimanche 19 juillet <\/strong><strong>: Cycle<\/strong><strong> de conf\u00e9rences 1\/2 par Anne-Marie Royer-Pantin, \"Les animaux du Parc, un patrimoine culturel\"<\/strong>\r\n<ul>\r\n \t<li><em>Etroitement li\u00e9s \u00e0 des pratiques et des savoir-faire traditionnels, adapt\u00e9s de longue date \u00e0 leur territoire et aux anciens syst\u00e8mes d\u2019\u00e9levage, les animaux qui s\u2019\u00e9battent aujourd\u2019hui dans la \u00ab mini-ferme \u00bb du Parc sont les t\u00e9moins de la vie rurale d\u2019autrefois et repr\u00e9sentent un v\u00e9ritable patrimoine culturel. Ch\u00e8vres Cou-clair du Berry, moutons solognots et berrichons, poules g\u00e2tinaises ou de Touraine, \u00e2nes, lapins et autres animaux dits \u00ab de pays \u00bb ont partag\u00e9, avec les paysans de nos campagnes, une longue histoire, souvent \u00e9tonnante, toujours attachante, qui m\u00e9rite d\u2019\u00eatre racont\u00e9e - <strong>\u00e0 15h30, tout public<\/strong><\/em><\/li>\r\n<\/ul>\r\n<img class=\"size-full wp-image-4701 aligncenter\" src=\"https:\/\/www.parcfloraldelasource.com\/file\/2025\/01\/Horaire-tarifs-et-titres-site-@-41-e1738360979443.jpg\" alt=\"\" width=\"558\" height=\"14\" \/>\r\n\r\n<\/div>\r\n<div class=\"xdj266r x11i5rnm xat24cr x1mh8g0r x1vvkbs\">\r\n\r\n<strong><img class=\" wp-image-4991 alignleft\" src=\"https:\/\/www.parcfloraldelasource.com\/file\/2026\/03\/Horaire-tarifs-et-titres-site-@-18-e1773927179605.png\" alt=\"\" width=\"156\" height=\"158\" \/><\/strong><strong>Dimanche 23 ao\u00fbt <\/strong><strong>: Cycl<\/strong><strong>e de conf\u00e9rences 2\/2 par Anne-Marie Royer-Pantin, \"Les animaux du Parc, un patrimoine agro\u00e9cologique\"<\/strong>\r\n<ul>\r\n \t<li>Aujourd\u2019hui remises en avant dans le cadre d\u2019un agriculture paysanne durable, les races domestiques r\u00e9gionales anciennes, comme celles repr\u00e9sent\u00e9es dans la \u00ab mini-ferme \u00bb du Parc, sont une richesse qu\u2019il faut pr\u00e9server : comment restaurer et conserver les caract\u00e9ristiques sp\u00e9cifiques de chacune de ces races, v\u00e9ritable r\u00e9servoir de biodiversit\u00e9 ? Comment g\u00e9rer ces pr\u00e9cieuses ressources zoog\u00e9n\u00e9tiques ? Comment les int\u00e9grer \u00e0 une agriculture moderne vertueuse ? Autant de questions auxquelles scientifiques et acteurs de la fili\u00e8re agro\u00e9cologique apportent des r\u00e9ponses concr\u00e8tes, qui permettent de mieux comprendre les enjeux du maintien de la biodiversit\u00e9 animale dans les fermes - <strong>\u00e0 15h30, tout public<\/strong><\/li>\r\n<\/ul>\r\n<img class=\"size-full wp-image-4701 aligncenter\" src=\"https:\/\/www.parcfloraldelasource.com\/file\/2025\/01\/Horaire-tarifs-et-titres-site-@-41-e1738360979443.jpg\" alt=\"\" width=\"558\" height=\"14\" \/>\r\n\r\n<\/div>\r\n<strong><img class=\"wp-image-4997 alignleft\" src=\"https:\/\/www.parcfloraldelasource.com\/file\/2026\/03\/Horaire-tarifs-et-titres-site-@-19-e1773928688462.png\" alt=\"\" width=\"157\" height=\"158\" \/><\/strong><strong>Samedi 12 &amp; Dimanche 13 septembre<\/strong><strong>: <\/strong><strong>Animation plein-air, s\u00e9ance d'Hatha Yoga par <a href=\"https:\/\/www.facebook.com\/profile.php?id=61556882375891&amp;locale=fr_FR\" target=\"_blank\" rel=\"noopener\">YogabyMaga<\/a><\/strong>\r\n<ul>\r\n \t<li><em>Yoga by Maga et le Parc Floral vous offrent un cours de yoga exceptionnel.\u00a0 Devant la roseraie, venez pratiquer un Hatha Yoga valorisant l'ancrage et le d\u00e9veloppement des sens, bas\u00e9 sur des mouvements doux et des postures maintenues entre 5 \u00e0 10 respirations, adapt\u00e9 \u00e0 tous niveaux - <strong>\u00e0 15h30, public adulte<\/strong><\/em><\/li>\r\n<\/ul>\r\n<img class=\"size-full wp-image-4701 aligncenter\" src=\"https:\/\/www.parcfloraldelasource.com\/file\/2025\/01\/Horaire-tarifs-et-titres-site-@-41-e1738360979443.jpg\" alt=\"\" width=\"558\" height=\"14\" \/>\r\n\r\n<strong><img class=\"alignleft wp-image-4702\" src=\"https:\/\/www.parcfloraldelasource.com\/file\/2025\/01\/49.jpg\" alt=\"\" width=\"155\" height=\"154\" \/>Samedi 19 &amp; Dimanche 20 septembre (Journ\u00e9es du Patrimoine) : <\/strong><strong>Animation Plein-Air<\/strong><strong> en compagnie de notre jardinier en chef. <\/strong>\r\n<ul>\r\n \t<li>D\u00e9couverte de la biodiversit\u00e9 \u00e0 travers le Parc Floral - \u00e0 15h30, tout public<\/li>\r\n \t<li>Ouverture exceptionnelle de la glaci\u00e8re de 14h \u00e0 18h.<\/li>\r\n<\/ul>\r\n<strong>Entr\u00e9e gratuite tout le week-end<\/strong>\r\n\r\n<hr \/>\r\n\r\n<em>*Programme susceptible d\u2019\u00eatre modifi\u00e9 au cours de l\u2019ann\u00e9e<\/em>","link":"https:\/\/www.parcfloraldelasource.com\/evenements\/animations\/","name":"Animations","slug":"animations","taxonomy":"evenements","parent":0,"meta":[],"yoast_head":"<!-- This site is optimized with the Yoast SEO plugin v27.5 - https:\/\/yoast.com\/product\/yoast-seo-wordpress\/ -->\n<title>Animations Archives - Parc Floral de La Source<\/title>\n<meta name=\"robots\" content=\"index, follow, max-snippet:-1, max-image-preview:large, max-video-preview:-1\" \/>\n<link rel=\"canonical\" href=\"https:\/\/www.parcfloraldelasource.com\/evenements\/animations\/\" \/>\n<meta property=\"og:locale\" content=\"fr_FR\" \/>\n<meta property=\"og:type\" content=\"article\" \/>\n<meta property=\"og:title\" content=\"Animations Archives - Parc Floral de La Source\" \/>\n<meta property=\"og:description\" content=\"De juin \u00e0 septembre,\u00a0 le Parc Floral vous propose diff\u00e9rentes conf\u00e9rences et animations en plein-air. L&rsquo;occasion d&rsquo;en apprendre plus sur le Parc, la nature ou le patrimoine qui nous entoure. Manifestations 2026 Samedi 06 juin et Dimanche 07 juin (Rendez-vous aux Jardins) Animation en compagnie d\u2019un de nos jardiniers. Partez \u00e0 la d\u00e9couverte de notre potager &#8211; \u00e0 15h30, tout public  Samedi 27 juin et Dimanche 28 juin : Route de la Rose en F\u00eate ! Animation en compagnie d\u2019un de nos jardiniers. Partez \u00e0 la d\u00e9couverte de la roseraie &#8211; \u00e0 15h30, tout public  Samedi 04 juillet (dans le cadre de la Journ\u00e9e Mondiale du Papillon) : \u00c0 l\u2019occasion de la Journ\u00e9e Mondiale du Papillon, la responsable du p\u00f4le animalier vous emm\u00e8nera dans le monde secret des papillons + atelier coloriage des papillons autochtones pour les enfants.\u00a015h30, tout public  Dimanche 19 juillet : Cycle de conf\u00e9rences 1\/2 par Anne-Marie Royer-Pantin, \u00ab\u00a0Les animaux du Parc, un patrimoine culturel\u00a0\u00bb Etroitement li\u00e9s \u00e0 des pratiques et des savoir-faire traditionnels, adapt\u00e9s de longue date \u00e0 leur territoire et aux anciens syst\u00e8mes d\u2019\u00e9levage, les animaux qui s\u2019\u00e9battent aujourd\u2019hui dans la \u00ab mini-ferme \u00bb du Parc sont les t\u00e9moins de la vie rurale d\u2019autrefois et repr\u00e9sentent un v\u00e9ritable patrimoine culturel. Ch\u00e8vres Cou-clair du Berry, moutons solognots et berrichons, poules g\u00e2tinaises ou de Touraine, \u00e2nes, lapins et autres animaux dits \u00ab de pays \u00bb ont partag\u00e9, avec les paysans de nos campagnes, une longue histoire, souvent \u00e9tonnante, toujours attachante, qui m\u00e9rite d\u2019\u00eatre racont\u00e9e &#8211; \u00e0 15h30, tout public   Dimanche 23 ao\u00fbt : Cycle de conf\u00e9rences 2\/2 par Anne-Marie Royer-Pantin, \u00ab\u00a0Les animaux du Parc, un patrimoine agro\u00e9cologique\u00a0\u00bb Aujourd\u2019hui remises en avant dans le cadre d\u2019un agriculture paysanne durable, les races domestiques r\u00e9gionales anciennes, comme celles repr\u00e9sent\u00e9es dans la \u00ab mini-ferme \u00bb du Parc, sont une richesse qu\u2019il faut pr\u00e9server : comment restaurer et conserver les caract\u00e9ristiques sp\u00e9cifiques de chacune de ces races, v\u00e9ritable r\u00e9servoir de biodiversit\u00e9 ? Comment g\u00e9rer ces pr\u00e9cieuses ressources zoog\u00e9n\u00e9tiques ? Comment les int\u00e9grer \u00e0 une agriculture moderne vertueuse ? Autant de questions auxquelles scientifiques et acteurs de la fili\u00e8re agro\u00e9cologique apportent des r\u00e9ponses concr\u00e8tes, qui permettent de mieux comprendre les enjeux du maintien de la biodiversit\u00e9 animale dans les fermes &#8211; \u00e0 15h30, tout public  Samedi 12 &amp; Dimanche 13 septembre: Animation plein-air, s\u00e9ance d&rsquo;Hatha Yoga par YogabyMaga Yoga by Maga et le Parc Floral vous offrent un cours de yoga exceptionnel.\u00a0 Devant la roseraie, venez pratiquer un Hatha Yoga valorisant l&rsquo;ancrage et le d\u00e9veloppement des sens, bas\u00e9 sur des mouvements doux et des postures maintenues entre 5 \u00e0 10 respirations, adapt\u00e9 \u00e0 tous niveaux &#8211; \u00e0 15h30, public adulte  Samedi 19 &amp; Dimanche 20 septembre (Journ\u00e9es du Patrimoine) : Animation Plein-Air en compagnie de notre jardinier en chef.  D\u00e9couverte de la biodiversit\u00e9 \u00e0 travers le Parc Floral &#8211; \u00e0 15h30, tout public Ouverture exceptionnelle de la glaci\u00e8re de 14h \u00e0 18h. Entr\u00e9e gratuite tout le week-end *Programme susceptible d\u2019\u00eatre modifi\u00e9 au cours de l\u2019ann\u00e9e\" \/>\n<meta property=\"og:url\" content=\"https:\/\/www.parcfloraldelasource.com\/evenements\/animations\/\" \/>\n<meta property=\"og:site_name\" content=\"Parc Floral de La Source\" \/>\n<meta property=\"og:image\" content=\"https:\/\/www.parcfloraldelasource.com\/file\/2025\/01\/titre-e1738360595365.png\" \/>\n\t<meta property=\"og:image:width\" content=\"906\" \/>\n\t<meta property=\"og:image:height\" content=\"253\" \/>\n\t<meta property=\"og:image:type\" content=\"image\/png\" \/>\n<meta name=\"twitter:card\" content=\"summary_large_image\" \/>\n<script type=\"application\/ld+json\" class=\"yoast-schema-graph\">{\"@context\":\"https:\\\/\\\/schema.org\",\"@graph\":[{\"@type\":\"CollectionPage\",\"@id\":\"https:\\\/\\\/www.parcfloraldelasource.com\\\/evenements\\\/animations\\\/\",\"url\":\"https:\\\/\\\/www.parcfloraldelasource.com\\\/evenements\\\/animations\\\/\",\"name\":\"Animations Archives - Parc Floral de La Source\",\"isPartOf\":{\"@id\":\"https:\\\/\\\/www.parcfloraldelasource.com\\\/#website\"},\"breadcrumb\":{\"@id\":\"https:\\\/\\\/www.parcfloraldelasource.com\\\/evenements\\\/animations\\\/#breadcrumb\"},\"inLanguage\":\"fr-FR\"},{\"@type\":\"BreadcrumbList\",\"@id\":\"https:\\\/\\\/www.parcfloraldelasource.com\\\/evenements\\\/animations\\\/#breadcrumb\",\"itemListElement\":[{\"@type\":\"ListItem\",\"position\":1,\"name\":\"Accueil\",\"item\":\"https:\\\/\\\/www.parcfloraldelasource.com\\\/\"},{\"@type\":\"ListItem\",\"position\":2,\"name\":\"Animations\"}]},{\"@type\":\"WebSite\",\"@id\":\"https:\\\/\\\/www.parcfloraldelasource.com\\\/#website\",\"url\":\"https:\\\/\\\/www.parcfloraldelasource.com\\\/\",\"name\":\"Parc Floral de La Source\",\"description\":\"Orl\u00e9ans\",\"potentialAction\":[{\"@type\":\"SearchAction\",\"target\":{\"@type\":\"EntryPoint\",\"urlTemplate\":\"https:\\\/\\\/www.parcfloraldelasource.com\\\/?s={search_term_string}\"},\"query-input\":{\"@type\":\"PropertyValueSpecification\",\"valueRequired\":true,\"valueName\":\"search_term_string\"}}],\"inLanguage\":\"fr-FR\"}]}<\/script>\n<!-- \/ Yoast SEO plugin. -->","yoast_head_json":{"title":"Animations Archives - Parc Floral de La Source","robots":{"index":"index","follow":"follow","max-snippet":"max-snippet:-1","max-image-preview":"max-image-preview:large","max-video-preview":"max-video-preview:-1"},"canonical":"https:\/\/www.parcfloraldelasource.com\/evenements\/animations\/","og_locale":"fr_FR","og_type":"article","og_title":"Animations Archives - Parc Floral de La Source","og_description":"De juin \u00e0 septembre,\u00a0 le Parc Floral vous propose diff\u00e9rentes conf\u00e9rences et animations en plein-air. L&rsquo;occasion d&rsquo;en apprendre plus sur le Parc, la nature ou le patrimoine qui nous entoure. Manifestations 2026 Samedi 06 juin et Dimanche 07 juin (Rendez-vous aux Jardins) Animation en compagnie d\u2019un de nos jardiniers. Partez \u00e0 la d\u00e9couverte de notre potager &#8211; \u00e0 15h30, tout public  Samedi 27 juin et Dimanche 28 juin : Route de la Rose en F\u00eate ! Animation en compagnie d\u2019un de nos jardiniers. Partez \u00e0 la d\u00e9couverte de la roseraie &#8211; \u00e0 15h30, tout public  Samedi 04 juillet (dans le cadre de la Journ\u00e9e Mondiale du Papillon) : \u00c0 l\u2019occasion de la Journ\u00e9e Mondiale du Papillon, la responsable du p\u00f4le animalier vous emm\u00e8nera dans le monde secret des papillons + atelier coloriage des papillons autochtones pour les enfants.\u00a015h30, tout public  Dimanche 19 juillet : Cycle de conf\u00e9rences 1\/2 par Anne-Marie Royer-Pantin, \u00ab\u00a0Les animaux du Parc, un patrimoine culturel\u00a0\u00bb Etroitement li\u00e9s \u00e0 des pratiques et des savoir-faire traditionnels, adapt\u00e9s de longue date \u00e0 leur territoire et aux anciens syst\u00e8mes d\u2019\u00e9levage, les animaux qui s\u2019\u00e9battent aujourd\u2019hui dans la \u00ab mini-ferme \u00bb du Parc sont les t\u00e9moins de la vie rurale d\u2019autrefois et repr\u00e9sentent un v\u00e9ritable patrimoine culturel. Ch\u00e8vres Cou-clair du Berry, moutons solognots et berrichons, poules g\u00e2tinaises ou de Touraine, \u00e2nes, lapins et autres animaux dits \u00ab de pays \u00bb ont partag\u00e9, avec les paysans de nos campagnes, une longue histoire, souvent \u00e9tonnante, toujours attachante, qui m\u00e9rite d\u2019\u00eatre racont\u00e9e &#8211; \u00e0 15h30, tout public   Dimanche 23 ao\u00fbt : Cycle de conf\u00e9rences 2\/2 par Anne-Marie Royer-Pantin, \u00ab\u00a0Les animaux du Parc, un patrimoine agro\u00e9cologique\u00a0\u00bb Aujourd\u2019hui remises en avant dans le cadre d\u2019un agriculture paysanne durable, les races domestiques r\u00e9gionales anciennes, comme celles repr\u00e9sent\u00e9es dans la \u00ab mini-ferme \u00bb du Parc, sont une richesse qu\u2019il faut pr\u00e9server : comment restaurer et conserver les caract\u00e9ristiques sp\u00e9cifiques de chacune de ces races, v\u00e9ritable r\u00e9servoir de biodiversit\u00e9 ? Comment g\u00e9rer ces pr\u00e9cieuses ressources zoog\u00e9n\u00e9tiques ? Comment les int\u00e9grer \u00e0 une agriculture moderne vertueuse ? Autant de questions auxquelles scientifiques et acteurs de la fili\u00e8re agro\u00e9cologique apportent des r\u00e9ponses concr\u00e8tes, qui permettent de mieux comprendre les enjeux du maintien de la biodiversit\u00e9 animale dans les fermes &#8211; \u00e0 15h30, tout public  Samedi 12 &amp; Dimanche 13 septembre: Animation plein-air, s\u00e9ance d&rsquo;Hatha Yoga par YogabyMaga Yoga by Maga et le Parc Floral vous offrent un cours de yoga exceptionnel.\u00a0 Devant la roseraie, venez pratiquer un Hatha Yoga valorisant l&rsquo;ancrage et le d\u00e9veloppement des sens, bas\u00e9 sur des mouvements doux et des postures maintenues entre 5 \u00e0 10 respirations, adapt\u00e9 \u00e0 tous niveaux &#8211; \u00e0 15h30, public adulte  Samedi 19 &amp; Dimanche 20 septembre (Journ\u00e9es du Patrimoine) : Animation Plein-Air en compagnie de notre jardinier en chef.  D\u00e9couverte de la biodiversit\u00e9 \u00e0 travers le Parc Floral &#8211; \u00e0 15h30, tout public Ouverture exceptionnelle de la glaci\u00e8re de 14h \u00e0 18h. Entr\u00e9e gratuite tout le week-end *Programme susceptible d\u2019\u00eatre modifi\u00e9 au cours de l\u2019ann\u00e9e","og_url":"https:\/\/www.parcfloraldelasource.com\/evenements\/animations\/","og_site_name":"Parc Floral de La Source","og_image":[{"width":906,"height":253,"url":"https:\/\/www.parcfloraldelasource.com\/file\/2025\/01\/titre-e1738360595365.png","type":"image\/png"}],"twitter_card":"summary_large_image","schema":{"@context":"https:\/\/schema.org","@graph":[{"@type":"CollectionPage","@id":"https:\/\/www.parcfloraldelasource.com\/evenements\/animations\/","url":"https:\/\/www.parcfloraldelasource.com\/evenements\/animations\/","name":"Animations Archives - Parc Floral de La Source","isPartOf":{"@id":"https:\/\/www.parcfloraldelasource.com\/#website"},"breadcrumb":{"@id":"https:\/\/www.parcfloraldelasource.com\/evenements\/animations\/#breadcrumb"},"inLanguage":"fr-FR"},{"@type":"BreadcrumbList","@id":"https:\/\/www.parcfloraldelasource.com\/evenements\/animations\/#breadcrumb","itemListElement":[{"@type":"ListItem","position":1,"name":"Accueil","item":"https:\/\/www.parcfloraldelasource.com\/"},{"@type":"ListItem","position":2,"name":"Animations"}]},{"@type":"WebSite","@id":"https:\/\/www.parcfloraldelasource.com\/#website","url":"https:\/\/www.parcfloraldelasource.com\/","name":"Parc Floral de La Source","description":"Orl\u00e9ans","potentialAction":[{"@type":"SearchAction","target":{"@type":"EntryPoint","urlTemplate":"https:\/\/www.parcfloraldelasource.com\/?s={search_term_string}"},"query-input":{"@type":"PropertyValueSpecification","valueRequired":true,"valueName":"search_term_string"}}],"inLanguage":"fr-FR"}]}},"_links":{"self":[{"href":"https:\/\/www.parcfloraldelasource.com\/rest\/wp\/v2\/evenements\/34","targetHints":{"allow":["GET"]}}],"collection":[{"href":"https:\/\/www.parcfloraldelasource.com\/rest\/wp\/v2\/evenements"}],"about":[{"href":"https:\/\/www.parcfloraldelasource.com\/rest\/wp\/v2\/taxonomies\/evenements"}]}}